{"id":315,"date":"2022-11-24T13:29:58","date_gmt":"2022-11-24T13:29:58","guid":{"rendered":"https:\/\/koopkuder.org.tr\/?p=315"},"modified":"2022-11-24T13:29:59","modified_gmt":"2022-11-24T13:29:59","slug":"s-s-alasehir-kadin-girisimi-uretim-ve-isletme-kooperatifi","status":"publish","type":"post","link":"https:\/\/koopkuder.tr\/index.php\/2022\/11\/24\/s-s-alasehir-kadin-girisimi-uretim-ve-isletme-kooperatifi\/","title":{"rendered":"S.S.ALA\u015eEH\u0130R KADIN G\u0130R\u0130\u015e\u0130M\u0130 \u00dcRET\u0130M VE \u0130\u015eLETME\u00a0\u00a0 KOOPERAT\u0130F\u0130"},"content":{"rendered":"\n<p>Ala\u015fehir Kad\u0131n Kooperatifi ,daha \u00f6nce farkl\u0131 STK larda \u00e7al\u0131\u015farak ,kad\u0131n\u0131n g\u00fcc\u00fcn\u00fc ekonomiye kazand\u0131rmay\u0131 ve kad\u0131n\u0131n sosyal hayatta,\u00e7al\u0131\u015fma hayat\u0131ndaki varl\u0131\u011f\u0131n\u0131 g\u00f6r\u00fcn\u00fcr k\u0131lmay\u0131 ama\u00e7layan 7 kurucu ortak taraf\u0131ndan kuruldu.<\/p>\n\n\n\n<p>&nbsp; 7 Kurucu ortaktan birisi destek\u00e7imiz olan Ala\u015fehir Belediyesidir.<\/p>\n\n\n\n<p>&nbsp;Kooperatifimizin kurulu\u015f tarihi ayn\u0131 &nbsp;zamanda il\u00e7emizin kurtulu\u015f g\u00fcn\u00fc olan 5 Eyl\u00fcl tarihidir.<\/p>\n\n\n\n<p>Kooperatifimiz 5 Eyl\u00fcl 2019 tarihinde sultaniye \u00fcz\u00fcm\u00fcm\u00fcz\u00fc, salamura yapra\u011f\u0131m\u0131z\u0131,unutulmaya y\u00fcz tutmu\u015f y\u00f6resel lezzetlerimizi(\u00fcz\u00fcm k\u00f6ftesi,\u015f\u0131ra gibi ) tan\u0131tmak ve aran\u0131r hale getirmek,kad\u0131n\u0131n eme\u011finin ekonomik kar\u015f\u0131l\u0131\u011f\u0131n\u0131 bulup sosyalle\u015fmesini sa\u011flamak amac\u0131 ile kurulmu\u015ftur.<\/p>\n\n\n\n<p>&nbsp; Anne mutfa\u011f\u0131ndan \u00e7\u0131km\u0131\u015f yemeklerimiz ile lokanta olarak ba\u015flad\u0131\u011f\u0131m\u0131z \u00e7al\u0131\u015fmalar\u0131n\u0131z pandemi s\u00fcrecinde paket servise d\u00f6n\u00fc\u015ferek devam etmi\u015ftir. Iki sat\u0131\u015f noktam\u0131zda yapt\u0131\u011f\u0131m\u0131z lezzetler,paketli urunlerimiz,at\u00f6lye \u00fcr\u00fcnlerimiz m\u00fc\u015fteri ile bulu\u015fmaktad\u0131r.<\/p>\n\n\n\n<p>&nbsp; Sultaniye ve Antep karas\u0131 \u00e7ekirdekli siyah \u00fcz\u00fcm kurumuz, co\u011frafi i\u015faretli Ala\u015fehir asma &nbsp;yapra\u011f\u0131m\u0131z\u0131, salamuras\u0131n\u0131 ,cennet elmas\u0131 kurumuzu,zeytinya\u011f\u0131m\u0131z,pekmezimiz,sirkemiz T\u00fcrkiye\u2019nin &nbsp;her yerinde bizi tan\u0131yan (kat\u0131ld\u0131\u011f\u0131m\u0131z fuarlar ,sergiler arac\u0131l\u0131\u011f\u0131 ile) lezzetimizi ve kalitemizi bilen ,g\u00fcvenen t\u00fcm dostlarla bulu\u015fmaktad\u0131r.<\/p>\n\n\n\n<p>&nbsp;Sat\u0131\u015flarda bizi en mutlu eden \u015fey ilk tan\u0131\u015f\u0131kl\u0131\u011f\u0131n &nbsp;ard\u0131ndan &#8220;ben ald\u0131m \u00e7ok g\u00fczel \u00fcr\u00fcnleri, sen de denemelisin &#8221; tavsiyeleri ile b\u00fcy\u00fcyen bir takip\u00e7i kitlesi ile devam etmekte olmam\u0131zd\u0131r.<\/p>\n\n\n\n<p>&nbsp; &nbsp;\u00dcr\u00fcnlerimiz &nbsp;Turkiyenin bir\u00e7ok yerindeki kooperatif market raflar\u0131nda sat\u0131\u015fa sunulmu\u015ftur.&nbsp;<\/p>\n\n\n\n<p>&nbsp; &nbsp;Sat\u0131\u015flar\u0131m\u0131z\u0131 yaparken birebir ili\u015fkiler elbette \u00e7ok \u00f6nemli, bunun yani s\u0131ra web sayfam\u0131zdan,sosyal medya hesaplar\u0131m\u0131zdan ,&#8221;&nbsp;<a href=\"http:\/\/albikere.com\/\" rel=\"noreferrer noopener\" target=\"_blank\">albikere.com<\/a>,<a href=\"http:\/\/pazarlama.com\/\" rel=\"noreferrer noopener\" target=\"_blank\">pazarlama.com<\/a>,kooppazar &#8221; sat\u0131\u015flar\u0131m\u0131z devam etmektedir.<\/p>\n\n\n\n<p>&nbsp;Belediyemiz ula\u015f\u0131m,pazarlama gibi her konuda destek\u00e7imiz olmaya devam etmektedir.Ayr\u0131ca &nbsp;Ticaret Bakanl\u0131\u011f\u0131 &#8216;ndan al\u0131nan destek ile kurdu\u011fumuz yaprak salamura tesisimiz ,KEDV den al\u0131nan web sayfas\u0131 deste\u011fi ile hedeflerimize yakla\u015fmakta,h\u0131zla b\u00fcy\u00fcmeye devam etmekteyiz.<\/p>\n\n\n\n<p>&nbsp;2019 y\u0131l\u0131nda 7 kurucu ortakla \u00e7\u0131kt\u0131\u011f\u0131m\u0131z yolda 44 ortak ve pek \u00e7ok g\u00f6n\u00fcll\u00fc destek\u00e7imizle \u00e7al\u0131\u015fmalar\u0131m\u0131za devam etmekteyiz.<\/p>\n\n\n\n<p>&nbsp; Kooperatif b\u00fcnyemizde halen \u00e7al\u0131\u015fmalar\u0131n\u0131 s\u00fcrd\u00fcren bir de at\u00f6lye grubumuz bulunmakta. \u00d6zel g\u00fcnlerde el eme\u011fi farkl\u0131 tasar\u0131m \u00fcr\u00fcnlerle takipcilerimize hizmet vermekteyiz.<\/p>\n\n\n\n<p>&nbsp; Meyve kurutma tesisi ile \u00fcr\u00fcn yelpazemizi geni\u015fletip, a\u00e7may\u0131 planlad\u0131\u011f\u0131m\u0131z kre\u015f ile daha \u00e7ok insana dokunmak hedeflerimizin ba\u015f\u0131nda gelmektedir.<\/p>\n\n\n\n<p>&nbsp;Yolu d\u00fc\u015fen herkesi Ala\u015fehirimize ve kooperatifimize bekleriz.<\/p>\n","protected":false},"excerpt":{"rendered":"<p>Ala\u015fehir Kad\u0131n Kooperatifi ,daha \u00f6nce farkl\u0131 STK larda \u00e7al\u0131\u015farak ,kad\u0131n\u0131n g\u00fcc\u00fcn\u00fc ekonomiye kazand\u0131rmay\u0131 ve kad\u0131n\u0131n sosyal hayatta,\u00e7al\u0131\u015fma hayat\u0131ndaki varl\u0131\u011f\u0131n\u0131 g\u00f6r\u00fcn\u00fcr k\u0131lmay\u0131 ama\u00e7layan 7 kurucu ortak taraf\u0131ndan kuruldu. &nbsp; 7 Kurucu ortaktan birisi destek\u00e7imiz olan Ala\u015fehir Belediyesidir. &nbsp;Kooperatifimizin kurulu\u015f tarihi ayn\u0131 &nbsp;zamanda il\u00e7emizin kurtulu\u015f g\u00fcn\u00fc olan 5 Eyl\u00fcl tarihidir. Kooperatifimiz 5 Eyl\u00fcl 2019 tarihinde sultaniye \u00fcz\u00fcm\u00fcm\u00fcz\u00fc, [&hellip;]<\/p>\n","protected":false},"author":1,"featured_media":316,"comment_status":"open","ping_status":"open","sticky":false,"template":"","format":"standard","meta":{"footnotes":""},"categories":[7],"tags":[],"class_list":{"0":"post-315","1":"post","2":"type-post","3":"status-publish","4":"format-standard","5":"has-post-thumbnail","7":"category-uyeler"},"_links":{"self":[{"href":"https:\/\/koopkuder.tr\/index.php\/wp-json\/wp\/v2\/posts\/315","targetHints":{"allow":["GET"]}}],"collection":[{"href":"https:\/\/koopkuder.tr\/index.php\/wp-json\/wp\/v2\/posts"}],"about":[{"href":"https:\/\/koopkuder.tr\/index.php\/wp-json\/wp\/v2\/types\/post"}],"author":[{"embeddable":true,"href":"https:\/\/koopkuder.tr\/index.php\/wp-json\/wp\/v2\/users\/1"}],"replies":[{"embeddable":true,"href":"https:\/\/koopkuder.tr\/index.php\/wp-json\/wp\/v2\/comments?post=315"}],"version-history":[{"count":1,"href":"https:\/\/koopkuder.tr\/index.php\/wp-json\/wp\/v2\/posts\/315\/revisions"}],"predecessor-version":[{"id":317,"href":"https:\/\/koopkuder.tr\/index.php\/wp-json\/wp\/v2\/posts\/315\/revisions\/317"}],"wp:featuredmedia":[{"embeddable":true,"href":"https:\/\/koopkuder.tr\/index.php\/wp-json\/wp\/v2\/media\/316"}],"wp:attachment":[{"href":"https:\/\/koopkuder.tr\/index.php\/wp-json\/wp\/v2\/media?parent=315"}],"wp:term":[{"taxonomy":"category","embeddable":true,"href":"https:\/\/koopkuder.tr\/index.php\/wp-json\/wp\/v2\/categories?post=315"},{"taxonomy":"post_tag","embeddable":true,"href":"https:\/\/koopkuder.tr\/index.php\/wp-json\/wp\/v2\/tags?post=315"}],"curies":[{"name":"wp","href":"https:\/\/api.w.org\/{rel}","templated":true}]}}