{"id":39,"date":"2021-12-21T07:23:47","date_gmt":"2021-12-21T07:23:47","guid":{"rendered":"https:\/\/tf01.themeruby.com\/software\/?p=28"},"modified":"2022-11-24T08:09:30","modified_gmt":"2022-11-24T08:09:30","slug":"s-s-mentor-bilimsel-arastirma-ve-gelistirme-kooperatifi","status":"publish","type":"post","link":"https:\/\/koopkuder.tr\/index.php\/2021\/12\/21\/s-s-mentor-bilimsel-arastirma-ve-gelistirme-kooperatifi\/","title":{"rendered":"S.S. MENTOR Bilimsel Ara\u015ft\u0131rma ve Geli\u015ftirme Kooperatifi"},"content":{"rendered":"\n<p>Kurulu\u015f: 27 Mart 2018<\/p>\n\n\n\n<p>S.S. MENTORKOOP, T.C. Ticaret Bakanl\u0131\u011f\u0131 onay\u0131yla kurulu\u015funa izin verilen Bilimsel Ara\u015ft\u0131rma ve Geli\u015ftirme Kooperatifi olup yine bakanl\u0131k onay\u0131 ile Pazarlama, \u00dcretim ve T\u00fcketim alanlar\u0131nda da faaliyetlerde bulunabilmektedir.<\/p>\n\n\n\n<p>Y\u00f6netim kurulu \u00fcyelerimiz aras\u0131nda Teknoloji Geli\u015ftirme B\u00f6lgelerinde yer alan y\u00fcksek teknoloji firma sahipleri, yaz\u0131l\u0131mc\u0131lar, y\u00f6netim dan\u0131\u015fmanlar\u0131, e\u011fitmenler, marka patent vekilleri ve kurulu\u015f ana s\u00f6zle\u015fmesinde yer verdi\u011fimiz \u00f6ncelikli sekt\u00f6rlerin temsilcileri yer almaktad\u0131r.<\/p>\n\n\n\n<p><strong>Misyonumuz<\/strong><\/p>\n\n\n\n<p>T\u00fcm alanlarda, ortakl\u0131k k\u00fclt\u00fcr\u00fcn\u00fc ve i\u015f birli\u011fini geli\u015ftirmek, kooperatif giri\u015fimcili\u011fi ile sa\u011fl\u0131kl\u0131 giri\u015fimcilik ekosisteminin olu\u015fturulmas\u0131na katk\u0131 sa\u011flamak ve \u00f6rnek model olmak.<\/p>\n\n\n\n<p>1163 SAYILI KOOPERAT\u0130FLER KANUNU\u2019 nda<\/p>\n\n\n\n<p>T\u00fczel ki\u015fili\u011fi haiz olmak \u00fczere ortaklar\u0131n\u0131n belirli ekonomik menfaatlerini ve \u00f6zellikle meslek veya ge\u00e7imlerine ait ihtiya\u00e7lar\u0131n\u0131 i\u015fg\u00fcc\u00fc ve parasal katk\u0131lar\u0131yla kar\u015f\u0131l\u0131kl\u0131 yard\u0131m, dayan\u0131\u015fma ve kefalet suretiyle sa\u011flay\u0131p korumak amac\u0131yla ger\u00e7ek ve t\u00fczel ki\u015filer taraf\u0131ndan kurulan de\u011fi\u015fir ortakl\u0131 ve de\u011fi\u015fir sermayeli ortakl\u0131klara KOOPERAT\u0130F denir.<\/p>\n\n\n\n<p>KOOPERAT\u0130F KURULU\u015e AMACI<\/p>\n\n\n\n<p>Kurulu\u015f amac\u0131m\u0131z, t\u00fcm alanlarda ortakl\u0131k k\u00fclt\u00fcr\u00fcn\u00fc ve i\u015f birli\u011fini geli\u015ftirmek, kooperatif giri\u015fimcili\u011fi ile sa\u011fl\u0131kl\u0131 giri\u015fimcilik ekosisteminin olu\u015fturulmas\u0131na katk\u0131 sa\u011flamak ve \u00f6rnek model olmakt\u0131r.<\/p>\n\n\n\n<p>Bu kapsamda, kooperatif genel merkezimizde T\u00fcrkiye\u2019nin ilk Kooperatif Giri\u015fimcili\u011fi H\u0131zland\u0131r\u0131c\u0131 ve Kulu\u00e7ka Merkezi olan StartHubCOOP\u2019u kurduk.<\/p>\n\n\n\n<p>HEDEF\u0130M\u0130Z KOOPERAT\u0130F G\u0130R\u0130\u015e\u0130MC\u0130L\u0130K EKOS\u0130STEM\u0130NE KATKI SA\u011eLAMAK!<\/p>\n\n\n\n<p>H\u0131zl\u0131 karar al\u0131p uygulamaya ge\u00e7me kabiliyetimiz sayesinde, giri\u015fimcilerin bekledi\u011fi hizmetleri, sekt\u00f6r\u00fcn ana akt\u00f6rleriyle aram\u0131zda geli\u015ftirilen i\u015f birli\u011fi ile sa\u011flayabiliyoruz.<\/p>\n\n\n\n<p>T\u00fcrk giri\u015fimcileri i\u00e7in kal\u0131c\u0131 ve faydal\u0131 ekosistem olu\u015fturulmas\u0131 i\u00e7in destek sa\u011flamaya, \u00fclkemizin hedefleriyle uyumlu, kurulu\u015f amac\u0131m\u0131za uygun, evrensel de\u011ferler \u00e7er\u00e7evesindeki t\u00fcm alanlarda benzer hedefi olan kurum, kurulu\u015f, Sivil Toplum Kurulu\u015flar\u0131 vb. yap\u0131larla i\u015f birli\u011fi yap\u0131yoruz. Bu da yaratt\u0131\u011f\u0131m\u0131z fayday\u0131 s\u00fcrd\u00fcr\u00fclebilir k\u0131l\u0131yor ve \u00e7arpan katsay\u0131s\u0131n\u0131 art\u0131r\u0131yor.<\/p>\n","protected":false},"excerpt":{"rendered":"<p>Kurulu\u015f: 27 Mart 2018 S.S. MENTORKOOP, T.C. Ticaret Bakanl\u0131\u011f\u0131 onay\u0131yla kurulu\u015funa izin verilen Bilimsel Ara\u015ft\u0131rma ve Geli\u015ftirme Kooperatifi olup yine bakanl\u0131k onay\u0131 ile Pazarlama, \u00dcretim ve T\u00fcketim alanlar\u0131nda da faaliyetlerde bulunabilmektedir. Y\u00f6netim kurulu \u00fcyelerimiz aras\u0131nda Teknoloji Geli\u015ftirme B\u00f6lgelerinde yer alan y\u00fcksek teknoloji firma sahipleri, yaz\u0131l\u0131mc\u0131lar, y\u00f6netim dan\u0131\u015fmanlar\u0131, e\u011fitmenler, marka patent vekilleri ve kurulu\u015f ana s\u00f6zle\u015fmesinde [&hellip;]<\/p>\n","protected":false},"author":1,"featured_media":255,"comment_status":"open","ping_status":"open","sticky":false,"template":"","format":"standard","meta":{"footnotes":""},"categories":[7],"tags":[],"class_list":{"0":"post-39","1":"post","2":"type-post","3":"status-publish","4":"format-standard","5":"has-post-thumbnail","7":"category-uyeler"},"_links":{"self":[{"href":"https:\/\/koopkuder.tr\/index.php\/wp-json\/wp\/v2\/posts\/39","targetHints":{"allow":["GET"]}}],"collection":[{"href":"https:\/\/koopkuder.tr\/index.php\/wp-json\/wp\/v2\/posts"}],"about":[{"href":"https:\/\/koopkuder.tr\/index.php\/wp-json\/wp\/v2\/types\/post"}],"author":[{"embeddable":true,"href":"https:\/\/koopkuder.tr\/index.php\/wp-json\/wp\/v2\/users\/1"}],"replies":[{"embeddable":true,"href":"https:\/\/koopkuder.tr\/index.php\/wp-json\/wp\/v2\/comments?post=39"}],"version-history":[{"count":2,"href":"https:\/\/koopkuder.tr\/index.php\/wp-json\/wp\/v2\/posts\/39\/revisions"}],"predecessor-version":[{"id":256,"href":"https:\/\/koopkuder.tr\/index.php\/wp-json\/wp\/v2\/posts\/39\/revisions\/256"}],"wp:featuredmedia":[{"embeddable":true,"href":"https:\/\/koopkuder.tr\/index.php\/wp-json\/wp\/v2\/media\/255"}],"wp:attachment":[{"href":"https:\/\/koopkuder.tr\/index.php\/wp-json\/wp\/v2\/media?parent=39"}],"wp:term":[{"taxonomy":"category","embeddable":true,"href":"https:\/\/koopkuder.tr\/index.php\/wp-json\/wp\/v2\/categories?post=39"},{"taxonomy":"post_tag","embeddable":true,"href":"https:\/\/koopkuder.tr\/index.php\/wp-json\/wp\/v2\/tags?post=39"}],"curies":[{"name":"wp","href":"https:\/\/api.w.org\/{rel}","templated":true}]}}